{"id":2667,"date":"2023-10-29T12:10:48","date_gmt":"2023-10-29T12:10:48","guid":{"rendered":"https:\/\/mediatrust.ubi.pt\/?p=2667"},"modified":"2024-02-29T16:21:05","modified_gmt":"2024-02-29T16:21:05","slug":"mediatrust-lab-edita-especial-na-revista-journalism-practice","status":"publish","type":"post","link":"https:\/\/mediatrust.ubi.pt\/en\/mediatrust-lab-edita-especial-na-revista-journalism-practice\/","title":{"rendered":"MediaTrust.Lab edita especial na revista Journalism Practice"},"content":{"rendered":"<p><span style=\"font-weight: 400;\"><strong>\u201cDisinformation studies as an emerging research field\u201d<\/strong> \u00e9 o tema da edi\u00e7\u00e3o especial publicada na prestigiada revista cient\u00edfica Journalism Practice, da editora Taylor&amp;Francis, e que teve como editores Pedro Jer\u00f3nimo e In\u00eas Amaral, investigadores do MediaTrust.Lab, bem como o professor Jo\u00e3o Carlos Correia.<\/span><\/p>\n<p><span style=\"font-weight: 400;\">Destaque ainda para dois artigos: \u201cDisinformation Studies: Global Perspectives\u201d, que serve de introdu\u00e7\u00e3o e \u00e9 assinado pelos tr\u00eas editores, bem como \u201cWho Posts Fake News? Authentic and Inauthentic Spreaders of Fabricated News on Facebook and Twitter\u201d, de Tatiana Dourado, tamb\u00e9m investigadora do MediaTrust.Lab.<\/span><\/p>\n<p><span style=\"font-weight: 400;\">Leia em: <\/span><a href=\"https:\/\/www.tandfonline.com\/toc\/rjop20\/17\/10\"><span style=\"font-weight: 400;\">https:\/\/www.tandfonline.com\/toc\/rjop20\/17\/10<\/span><\/a><span style=\"font-weight: 400;\">\u00a0<\/span><\/p>","protected":false},"excerpt":{"rendered":"<p>\u201cDisinformation studies as an emerging research field\u201d \u00e9 o tema da edi\u00e7\u00e3o especial publicada na prestigiada revista cient\u00edfica Journalism Practice, da editora Taylor&amp;Francis, e que teve como editores Pedro Jer\u00f3nimo e In\u00eas Amaral, investigadores do MediaTrust.Lab, bem como o professor Jo\u00e3o Carlos Correia. Destaque ainda para dois artigos: \u201cDisinformation Studies: Global Perspectives\u201d, que serve de [&hellip;]<\/p>","protected":false},"author":4,"featured_media":2668,"comment_status":"closed","ping_status":"open","sticky":false,"template":"","format":"standard","meta":{"footnotes":""},"categories":[14,16],"tags":[],"yoast_head":"<!-- This site is optimized with the Yoast SEO plugin v22.2 - https:\/\/yoast.com\/wordpress\/plugins\/seo\/ -->\n<title>MediaTrust.Lab edita especial na revista Journalism Practice - MediaTrustLab<\/title>\n<meta name=\"robots\" content=\"index, follow, max-snippet:-1, max-image-preview:large, max-video-preview:-1\" \/>\n<link rel=\"canonical\" href=\"https:\/\/mediatrust.ubi.pt\/en\/mediatrust-lab-edita-especial-na-revista-journalism-practice\/\" \/>\n<meta property=\"og:locale\" content=\"en_US\" \/>\n<meta property=\"og:type\" content=\"article\" \/>\n<meta property=\"og:title\" content=\"MediaTrust.Lab edita especial na revista Journalism Practice - MediaTrustLab\" \/>\n<meta property=\"og:description\" content=\"\u201cDisinformation studies as an emerging research field\u201d \u00e9 o tema da edi\u00e7\u00e3o especial publicada na prestigiada revista cient\u00edfica Journalism Practice, da editora Taylor&amp;Francis, e que teve como editores Pedro Jer\u00f3nimo e In\u00eas Amaral, investigadores do MediaTrust.Lab, bem como o professor Jo\u00e3o Carlos Correia. Destaque ainda para dois artigos: \u201cDisinformation Studies: Global Perspectives\u201d, que serve de [&hellip;]\" \/>\n<meta property=\"og:url\" content=\"https:\/\/mediatrust.ubi.pt\/en\/mediatrust-lab-edita-especial-na-revista-journalism-practice\/\" \/>\n<meta property=\"og:site_name\" content=\"MediaTrustLab\" \/>\n<meta property=\"article:publisher\" content=\"https:\/\/www.facebook.com\/mediatrust.lab\" \/>\n<meta property=\"article:published_time\" content=\"2023-10-29T12:10:48+00:00\" \/>\n<meta property=\"article:modified_time\" content=\"2024-02-29T16:21:05+00:00\" \/>\n<meta property=\"og:image\" content=\"https:\/\/mediatrust.ubi.pt\/wp-content\/uploads\/2024\/02\/Captura-de-Tela-2024-02-29-as-16.20.14.png\" \/>\n\t<meta property=\"og:image:width\" content=\"470\" \/>\n\t<meta property=\"og:image:height\" content=\"422\" \/>\n\t<meta property=\"og:image:type\" content=\"image\/png\" \/>\n<meta name=\"author\" content=\"Lu\u00edsa Torre\" \/>\n<meta name=\"twitter:card\" content=\"summary_large_image\" \/>\n<meta name=\"twitter:label1\" content=\"Written by\" \/>\n\t<meta name=\"twitter:data1\" content=\"Lu\u00edsa Torre\" \/>\n\t<meta name=\"twitter:label2\" content=\"Est. reading time\" \/>\n\t<meta name=\"twitter:data2\" content=\"1 minute\" \/>\n<script type=\"application\/ld+json\" class=\"yoast-schema-graph\">{\"@context\":\"https:\/\/schema.org\",\"@graph\":[{\"@type\":\"Article\",\"@id\":\"https:\/\/mediatrust.ubi.pt\/mediatrust-lab-edita-especial-na-revista-journalism-practice\/#article\",\"isPartOf\":{\"@id\":\"https:\/\/mediatrust.ubi.pt\/mediatrust-lab-edita-especial-na-revista-journalism-practice\/\"},\"author\":{\"name\":\"Lu\u00edsa Torre\",\"@id\":\"https:\/\/mediatrust.ubi.pt\/#\/schema\/person\/3b9739dbed61d1b1ef7d86b2592d97b6\"},\"headline\":\"MediaTrust.Lab edita especial na revista Journalism Practice\",\"datePublished\":\"2023-10-29T12:10:48+00:00\",\"dateModified\":\"2024-02-29T16:21:05+00:00\",\"mainEntityOfPage\":{\"@id\":\"https:\/\/mediatrust.ubi.pt\/mediatrust-lab-edita-especial-na-revista-journalism-practice\/\"},\"wordCount\":112,\"publisher\":{\"@id\":\"https:\/\/mediatrust.ubi.pt\/#organization\"},\"image\":{\"@id\":\"https:\/\/mediatrust.ubi.pt\/mediatrust-lab-edita-especial-na-revista-journalism-practice\/#primaryimage\"},\"thumbnailUrl\":\"https:\/\/mediatrust.ubi.pt\/wp-content\/uploads\/2024\/02\/Captura-de-Tela-2024-02-29-as-16.20.14.png\",\"articleSection\":[\"An\u00fancios\",\"Publica\u00e7\u00f5es\"],\"inLanguage\":\"en-US\"},{\"@type\":\"WebPage\",\"@id\":\"https:\/\/mediatrust.ubi.pt\/mediatrust-lab-edita-especial-na-revista-journalism-practice\/\",\"url\":\"https:\/\/mediatrust.ubi.pt\/mediatrust-lab-edita-especial-na-revista-journalism-practice\/\",\"name\":\"MediaTrust.Lab edita especial na revista Journalism Practice - MediaTrustLab\",\"isPartOf\":{\"@id\":\"https:\/\/mediatrust.ubi.pt\/#website\"},\"primaryImageOfPage\":{\"@id\":\"https:\/\/mediatrust.ubi.pt\/mediatrust-lab-edita-especial-na-revista-journalism-practice\/#primaryimage\"},\"image\":{\"@id\":\"https:\/\/mediatrust.ubi.pt\/mediatrust-lab-edita-especial-na-revista-journalism-practice\/#primaryimage\"},\"thumbnailUrl\":\"https:\/\/mediatrust.ubi.pt\/wp-content\/uploads\/2024\/02\/Captura-de-Tela-2024-02-29-as-16.20.14.png\",\"datePublished\":\"2023-10-29T12:10:48+00:00\",\"dateModified\":\"2024-02-29T16:21:05+00:00\",\"breadcrumb\":{\"@id\":\"https:\/\/mediatrust.ubi.pt\/mediatrust-lab-edita-especial-na-revista-journalism-practice\/#breadcrumb\"},\"inLanguage\":\"en-US\",\"potentialAction\":[{\"@type\":\"ReadAction\",\"target\":[\"https:\/\/mediatrust.ubi.pt\/mediatrust-lab-edita-especial-na-revista-journalism-practice\/\"]}]},{\"@type\":\"ImageObject\",\"inLanguage\":\"en-US\",\"@id\":\"https:\/\/mediatrust.ubi.pt\/mediatrust-lab-edita-especial-na-revista-journalism-practice\/#primaryimage\",\"url\":\"https:\/\/mediatrust.ubi.pt\/wp-content\/uploads\/2024\/02\/Captura-de-Tela-2024-02-29-as-16.20.14.png\",\"contentUrl\":\"https:\/\/mediatrust.ubi.pt\/wp-content\/uploads\/2024\/02\/Captura-de-Tela-2024-02-29-as-16.20.14.png\",\"width\":470,\"height\":422},{\"@type\":\"BreadcrumbList\",\"@id\":\"https:\/\/mediatrust.ubi.pt\/mediatrust-lab-edita-especial-na-revista-journalism-practice\/#breadcrumb\",\"itemListElement\":[{\"@type\":\"ListItem\",\"position\":1,\"name\":\"In\u00edcio\",\"item\":\"https:\/\/mediatrust.ubi.pt\/\"},{\"@type\":\"ListItem\",\"position\":2,\"name\":\"MediaTrust.Lab edita especial na revista Journalism Practice\"}]},{\"@type\":\"WebSite\",\"@id\":\"https:\/\/mediatrust.ubi.pt\/#website\",\"url\":\"https:\/\/mediatrust.ubi.pt\/\",\"name\":\"MediaTrustLab\",\"description\":\"This project aims to identify and analise strategies and practices of fact-checking by local journalists and the potential collaboration of local media audiences in the process. Through training, promoting digital tools and a mobile app, this action research project also aims to instruct journalists and audiences to fact-check more effectively and efficiently.\",\"publisher\":{\"@id\":\"https:\/\/mediatrust.ubi.pt\/#organization\"},\"potentialAction\":[{\"@type\":\"SearchAction\",\"target\":{\"@type\":\"EntryPoint\",\"urlTemplate\":\"https:\/\/mediatrust.ubi.pt\/?s={search_term_string}\"},\"query-input\":\"required name=search_term_string\"}],\"inLanguage\":\"en-US\"},{\"@type\":\"Organization\",\"@id\":\"https:\/\/mediatrust.ubi.pt\/#organization\",\"name\":\"MediaTrustLab\",\"url\":\"https:\/\/mediatrust.ubi.pt\/\",\"logo\":{\"@type\":\"ImageObject\",\"inLanguage\":\"en-US\",\"@id\":\"https:\/\/mediatrust.ubi.pt\/#\/schema\/logo\/image\/\",\"url\":\"https:\/\/mediatrust.ubi.pt\/wp-content\/uploads\/2022\/02\/cropped-Novo-Projeto-1-1.png\",\"contentUrl\":\"https:\/\/mediatrust.ubi.pt\/wp-content\/uploads\/2022\/02\/cropped-Novo-Projeto-1-1.png\",\"width\":1080,\"height\":810,\"caption\":\"MediaTrustLab\"},\"image\":{\"@id\":\"https:\/\/mediatrust.ubi.pt\/#\/schema\/logo\/image\/\"},\"sameAs\":[\"https:\/\/www.facebook.com\/mediatrust.lab\"]},{\"@type\":\"Person\",\"@id\":\"https:\/\/mediatrust.ubi.pt\/#\/schema\/person\/3b9739dbed61d1b1ef7d86b2592d97b6\",\"name\":\"Lu\u00edsa Torre\",\"image\":{\"@type\":\"ImageObject\",\"inLanguage\":\"en-US\",\"@id\":\"https:\/\/mediatrust.ubi.pt\/#\/schema\/person\/image\/\",\"url\":\"https:\/\/secure.gravatar.com\/avatar\/a0744c3d3e7ed8665951bc02eb6e5326?s=96&d=mm&r=g\",\"contentUrl\":\"https:\/\/secure.gravatar.com\/avatar\/a0744c3d3e7ed8665951bc02eb6e5326?s=96&d=mm&r=g\",\"caption\":\"Lu\u00edsa Torre\"},\"url\":\"https:\/\/mediatrust.ubi.pt\/en\/author\/luisatorre\/\"}]}<\/script>\n<!-- \/ Yoast SEO plugin. -->","yoast_head_json":{"title":"MediaTrust.Lab edita especial na revista Journalism Practice - MediaTrustLab","robots":{"index":"index","follow":"follow","max-snippet":"max-snippet:-1","max-image-preview":"max-image-preview:large","max-video-preview":"max-video-preview:-1"},"canonical":"https:\/\/mediatrust.ubi.pt\/en\/mediatrust-lab-edita-especial-na-revista-journalism-practice\/","og_locale":"en_US","og_type":"article","og_title":"MediaTrust.Lab edita especial na revista Journalism Practice - MediaTrustLab","og_description":"\u201cDisinformation studies as an emerging research field\u201d \u00e9 o tema da edi\u00e7\u00e3o especial publicada na prestigiada revista cient\u00edfica Journalism Practice, da editora Taylor&amp;Francis, e que teve como editores Pedro Jer\u00f3nimo e In\u00eas Amaral, investigadores do MediaTrust.Lab, bem como o professor Jo\u00e3o Carlos Correia. Destaque ainda para dois artigos: \u201cDisinformation Studies: Global Perspectives\u201d, que serve de [&hellip;]","og_url":"https:\/\/mediatrust.ubi.pt\/en\/mediatrust-lab-edita-especial-na-revista-journalism-practice\/","og_site_name":"MediaTrustLab","article_publisher":"https:\/\/www.facebook.com\/mediatrust.lab","article_published_time":"2023-10-29T12:10:48+00:00","article_modified_time":"2024-02-29T16:21:05+00:00","og_image":[{"width":470,"height":422,"url":"https:\/\/mediatrust.ubi.pt\/wp-content\/uploads\/2024\/02\/Captura-de-Tela-2024-02-29-as-16.20.14.png","type":"image\/png"}],"author":"Lu\u00edsa Torre","twitter_card":"summary_large_image","twitter_misc":{"Written by":"Lu\u00edsa Torre","Est. reading time":"1 minute"},"schema":{"@context":"https:\/\/schema.org","@graph":[{"@type":"Article","@id":"https:\/\/mediatrust.ubi.pt\/mediatrust-lab-edita-especial-na-revista-journalism-practice\/#article","isPartOf":{"@id":"https:\/\/mediatrust.ubi.pt\/mediatrust-lab-edita-especial-na-revista-journalism-practice\/"},"author":{"name":"Lu\u00edsa Torre","@id":"https:\/\/mediatrust.ubi.pt\/#\/schema\/person\/3b9739dbed61d1b1ef7d86b2592d97b6"},"headline":"MediaTrust.Lab edita especial na revista Journalism Practice","datePublished":"2023-10-29T12:10:48+00:00","dateModified":"2024-02-29T16:21:05+00:00","mainEntityOfPage":{"@id":"https:\/\/mediatrust.ubi.pt\/mediatrust-lab-edita-especial-na-revista-journalism-practice\/"},"wordCount":112,"publisher":{"@id":"https:\/\/mediatrust.ubi.pt\/#organization"},"image":{"@id":"https:\/\/mediatrust.ubi.pt\/mediatrust-lab-edita-especial-na-revista-journalism-practice\/#primaryimage"},"thumbnailUrl":"https:\/\/mediatrust.ubi.pt\/wp-content\/uploads\/2024\/02\/Captura-de-Tela-2024-02-29-as-16.20.14.png","articleSection":["An\u00fancios","Publica\u00e7\u00f5es"],"inLanguage":"en-US"},{"@type":"WebPage","@id":"https:\/\/mediatrust.ubi.pt\/mediatrust-lab-edita-especial-na-revista-journalism-practice\/","url":"https:\/\/mediatrust.ubi.pt\/mediatrust-lab-edita-especial-na-revista-journalism-practice\/","name":"MediaTrust.Lab edita especial na revista Journalism Practice - MediaTrustLab","isPartOf":{"@id":"https:\/\/mediatrust.ubi.pt\/#website"},"primaryImageOfPage":{"@id":"https:\/\/mediatrust.ubi.pt\/mediatrust-lab-edita-especial-na-revista-journalism-practice\/#primaryimage"},"image":{"@id":"https:\/\/mediatrust.ubi.pt\/mediatrust-lab-edita-especial-na-revista-journalism-practice\/#primaryimage"},"thumbnailUrl":"https:\/\/mediatrust.ubi.pt\/wp-content\/uploads\/2024\/02\/Captura-de-Tela-2024-02-29-as-16.20.14.png","datePublished":"2023-10-29T12:10:48+00:00","dateModified":"2024-02-29T16:21:05+00:00","breadcrumb":{"@id":"https:\/\/mediatrust.ubi.pt\/mediatrust-lab-edita-especial-na-revista-journalism-practice\/#breadcrumb"},"inLanguage":"en-US","potentialAction":[{"@type":"ReadAction","target":["https:\/\/mediatrust.ubi.pt\/mediatrust-lab-edita-especial-na-revista-journalism-practice\/"]}]},{"@type":"ImageObject","inLanguage":"en-US","@id":"https:\/\/mediatrust.ubi.pt\/mediatrust-lab-edita-especial-na-revista-journalism-practice\/#primaryimage","url":"https:\/\/mediatrust.ubi.pt\/wp-content\/uploads\/2024\/02\/Captura-de-Tela-2024-02-29-as-16.20.14.png","contentUrl":"https:\/\/mediatrust.ubi.pt\/wp-content\/uploads\/2024\/02\/Captura-de-Tela-2024-02-29-as-16.20.14.png","width":470,"height":422},{"@type":"BreadcrumbList","@id":"https:\/\/mediatrust.ubi.pt\/mediatrust-lab-edita-especial-na-revista-journalism-practice\/#breadcrumb","itemListElement":[{"@type":"ListItem","position":1,"name":"In\u00edcio","item":"https:\/\/mediatrust.ubi.pt\/"},{"@type":"ListItem","position":2,"name":"MediaTrust.Lab edita especial na revista Journalism Practice"}]},{"@type":"WebSite","@id":"https:\/\/mediatrust.ubi.pt\/#website","url":"https:\/\/mediatrust.ubi.pt\/","name":"MediaTrustLab","description":"This project aims to identify and analise strategies and practices of fact-checking by local journalists and the potential collaboration of local media audiences in the process. Through training, promoting digital tools and a mobile app, this action research project also aims to instruct journalists and audiences to fact-check more effectively and efficiently.","publisher":{"@id":"https:\/\/mediatrust.ubi.pt\/#organization"},"potentialAction":[{"@type":"SearchAction","target":{"@type":"EntryPoint","urlTemplate":"https:\/\/mediatrust.ubi.pt\/?s={search_term_string}"},"query-input":"required name=search_term_string"}],"inLanguage":"en-US"},{"@type":"Organization","@id":"https:\/\/mediatrust.ubi.pt\/#organization","name":"MediaTrustLab","url":"https:\/\/mediatrust.ubi.pt\/","logo":{"@type":"ImageObject","inLanguage":"en-US","@id":"https:\/\/mediatrust.ubi.pt\/#\/schema\/logo\/image\/","url":"https:\/\/mediatrust.ubi.pt\/wp-content\/uploads\/2022\/02\/cropped-Novo-Projeto-1-1.png","contentUrl":"https:\/\/mediatrust.ubi.pt\/wp-content\/uploads\/2022\/02\/cropped-Novo-Projeto-1-1.png","width":1080,"height":810,"caption":"MediaTrustLab"},"image":{"@id":"https:\/\/mediatrust.ubi.pt\/#\/schema\/logo\/image\/"},"sameAs":["https:\/\/www.facebook.com\/mediatrust.lab"]},{"@type":"Person","@id":"https:\/\/mediatrust.ubi.pt\/#\/schema\/person\/3b9739dbed61d1b1ef7d86b2592d97b6","name":"Lu\u00edsa Torre","image":{"@type":"ImageObject","inLanguage":"en-US","@id":"https:\/\/mediatrust.ubi.pt\/#\/schema\/person\/image\/","url":"https:\/\/secure.gravatar.com\/avatar\/a0744c3d3e7ed8665951bc02eb6e5326?s=96&d=mm&r=g","contentUrl":"https:\/\/secure.gravatar.com\/avatar\/a0744c3d3e7ed8665951bc02eb6e5326?s=96&d=mm&r=g","caption":"Lu\u00edsa Torre"},"url":"https:\/\/mediatrust.ubi.pt\/en\/author\/luisatorre\/"}]}},"_links":{"self":[{"href":"https:\/\/mediatrust.ubi.pt\/en\/wp-json\/wp\/v2\/posts\/2667"}],"collection":[{"href":"https:\/\/mediatrust.ubi.pt\/en\/wp-json\/wp\/v2\/posts"}],"about":[{"href":"https:\/\/mediatrust.ubi.pt\/en\/wp-json\/wp\/v2\/types\/post"}],"author":[{"embeddable":true,"href":"https:\/\/mediatrust.ubi.pt\/en\/wp-json\/wp\/v2\/users\/4"}],"replies":[{"embeddable":true,"href":"https:\/\/mediatrust.ubi.pt\/en\/wp-json\/wp\/v2\/comments?post=2667"}],"version-history":[{"count":1,"href":"https:\/\/mediatrust.ubi.pt\/en\/wp-json\/wp\/v2\/posts\/2667\/revisions"}],"predecessor-version":[{"id":2669,"href":"https:\/\/mediatrust.ubi.pt\/en\/wp-json\/wp\/v2\/posts\/2667\/revisions\/2669"}],"wp:featuredmedia":[{"embeddable":true,"href":"https:\/\/mediatrust.ubi.pt\/en\/wp-json\/wp\/v2\/media\/2668"}],"wp:attachment":[{"href":"https:\/\/mediatrust.ubi.pt\/en\/wp-json\/wp\/v2\/media?parent=2667"}],"wp:term":[{"taxonomy":"category","embeddable":true,"href":"https:\/\/mediatrust.ubi.pt\/en\/wp-json\/wp\/v2\/categories?post=2667"},{"taxonomy":"post_tag","embeddable":true,"href":"https:\/\/mediatrust.ubi.pt\/en\/wp-json\/wp\/v2\/tags?post=2667"}],"curies":[{"name":"wp","href":"https:\/\/api.w.org\/{rel}","templated":true}]}}