{"id":2672,"date":"2024-04-17T12:42:22","date_gmt":"2024-04-17T12:42:22","guid":{"rendered":"https:\/\/mediatrust.ubi.pt\/?p=2672"},"modified":"2024-04-18T09:51:34","modified_gmt":"2024-04-18T09:51:34","slug":"o-caso-da-restricao-da-conta-do-chega-no-facebook-e-a-ineficacia-das-politicas-das-plataformas","status":"publish","type":"post","link":"https:\/\/mediatrust.ubi.pt\/en\/o-caso-da-restricao-da-conta-do-chega-no-facebook-e-a-ineficacia-das-politicas-das-plataformas\/","title":{"rendered":"O caso da (quase) restri\u00e7\u00e3o da conta do Chega! no Facebook"},"content":{"rendered":"<p><span style=\"font-weight: 400;\">O Chega! anunciou que as atividades da p\u00e1gina do partido no Facebook teriam sido restringidas por 10 anos, medida que \u00e9 usualmente imposta por viola\u00e7\u00e3o do termo de uso ou de diretrizes de comunidade, que s\u00e3o o conjunto de condi\u00e7\u00f5es para ades\u00e3o ao servi\u00e7o e de regras que estruturam as atividades de modera\u00e7\u00e3o de conte\u00fado. A conta, assim, teria ficado impedida de executar atividades, tais como publicar e reagir a conte\u00fados, por 3649 dias. Um dia depois, entretanto, h\u00e1 novas publica\u00e7\u00f5es e aparente normalidade no funcionamento da p\u00e1gina do Chega!, o que levanta quest\u00f5es sobre transpar\u00eancia, acesso \u00e0 informa\u00e7\u00e3o e efetividade na aplica\u00e7\u00e3o de pol\u00edticas por parte das plataformas.\u00a0<\/span><\/p>\n<p><span style=\"font-weight: 400;\">N\u00e3o h\u00e1 comunicado vis\u00edvel aos utilizadores sobre o que esteve em causa e quais foram as restri\u00e7\u00f5es impostas \u00e0 conta. Al\u00e9m disso, a r\u00e1pida e prov\u00e1vel restaura\u00e7\u00e3o de contas infratoras parece enfraquecer o efeito da puni\u00e7\u00e3o prevista e evidencia o qu\u00e3o fr\u00e1gil \u00e9 a aplica\u00e7\u00e3o das pol\u00edticas pelas plataformas digitais. N\u00e3o \u00e9 a primeira vez que o partido e suas lideran\u00e7as recebem puni\u00e7\u00f5es graves de plataformas digitais. Em fevereiro de 2022, foi anunciado que a conta do l\u00edder do partido, Andr\u00e9 Ventura, que at\u00e9 aquele momento j\u00e1 havia sido banida oito vezes, teria sido exclu\u00edda em definitivo do X. O motivo teria sido viola\u00e7\u00e3o das \u201cregras contra conduta de \u00f3dio\u201d dirigida \u00e0 comunidade isl\u00e2mica residente em Portugal. Apesar disso, <a href=\"https:\/\/www.publico.pt\/2022\/02\/25\/politica\/noticia\/twitter-restabelece-conta-andre-ventura-1996810\">apenas dois dias depois a conta foi restabelecida<\/a><\/span><span style=\"font-weight: 400;\">. O vice-presidente do Chega, Pedro Fraz\u00e3o, tamb\u00e9m foi punido na mesma altura por<\/span><a href=\"https:\/\/cnnportugal.iol.pt\/andre-ventura\/francisco-louca\/vice-do-chega-banido-do-twitter-por-ter-multiplas-contas-para-fins-abusivos-pedro-frazao-ri-se-ao-ouvir-o-motivo\/20620215\/620bf1550cf21847f0ab44cc\"><span style=\"font-weight: 400;\"> \u201cusos abusivos de m\u00fatiplas contas\u201d<\/span><\/a><span style=\"font-weight: 400;\"> no Twitter, mas teve conta restaurada. Tamb\u00e9m em 2022, Fraz\u00e3o foi obrigado a retratar-se por publicar afirma\u00e7\u00e3o falsa no Twitter e, em 2024, passou a responder a outro processo judicial, <a href=\"https:\/\/visao.pt\/atualidade\/politica\/2024-03-13-pedro-frazao-vai-responder-na-justica-por-difamacao-agravada-depois-de-queixa-apresentada-por-jose-manuel-pureza\/\">desta vez por difama\u00e7\u00e3o agravada<\/a><\/span><span style=\"font-weight: 400;\">.\u00a0<\/span><\/p>\n<p><span style=\"font-weight: 400;\">Em geral, plataformas digitais evitam banir contas de pol\u00edticos eleitos e partidos pol\u00edticos por consider\u00e1-los parte do sistema pol\u00edtico e, por isso mesmo, objetos permanentes de escrut\u00ednio p\u00fablico. \u00c0 exce\u00e7\u00e3o da crise da Covid-19, contexto que ensejou atualiza\u00e7\u00e3o de pol\u00edticas para possibilitar que plataformas pudessem remover publica\u00e7\u00f5es com negacionismo e orienta\u00e7\u00f5es contr\u00e1rias \u00e0s recomenda\u00e7\u00f5es da OMS e de autoridades p\u00fablicas, representantes eleitos geralmente aproveitam-se do entendimento de liberdade de express\u00e3o das plataformas digitais, oriundo da tradi\u00e7\u00e3o da primeira emenda da constitui\u00e7\u00e3o norte-americana e aplicado globalmente, para divulgar informa\u00e7\u00f5es falsas, discursos perigosos e discursos de \u00f3dio nesses ambientes. Embora um enquadramento regulat\u00f3rio relativo \u00e0 atividade de modera\u00e7\u00e3o de conte\u00fado de plataformas digitais ou a maior supervis\u00e3o da lei pudessem incidir contra abusos e ilegalidades online, tamb\u00e9m as pr\u00f3prias regras das plataformas, que devem ser respeitadas por todo universo de utilizadores, poderiam coibir a propaga\u00e7\u00e3o de ideias iliberais se fossem elas bem executadas.<\/span><\/p>\n<p><span style=\"font-weight: 400;\">Grosso modo, sabe-se que plataformas da Meta est\u00e3o entre aquelas que mais possuem e mais aplicam pol\u00edticas de modera\u00e7\u00e3o de conte\u00fado a fim de coibir, por exemplo, contas e conte\u00fados inaut\u00eanticos, comportamento violento e danoso, ilegalidade relativa ao uso de dados pessoais e viola\u00e7\u00e3o de direitos. No relat\u00f3rio de transpar\u00eancia fornecido \u00e0 Uni\u00e3o Europeia por obriga\u00e7\u00e3o do Regulamento de Servi\u00e7o Digital, a Meta informou que, no Facebook, entre abril e setembro de 2023, foram tomadas medidas contra 2.822.565 conte\u00fados contendo discurso de \u00f3dio na UE, sendo que 2,573,529 tiveram volume removido por automa\u00e7\u00e3o, e 442,325 foram os casos de reclama\u00e7\u00f5es relacionadas \u00e0 modera\u00e7\u00e3o de conte\u00fado sobre \u00f3dio, <a href=\"https:\/\/transparency.fb.com\/sr\/dsa-transparency-report-oct2023-facebook\/\">sendo que 175,285 foram atendidas e tiveram conte\u00fado restaurado<\/a><\/span><span style=\"font-weight: 400;\">.\u00a0<\/span><\/p>\n<p><i><span style=\"font-weight: 400;\">\u201cCensura\u201d como t\u00e1tica de vitimiza\u00e7\u00e3o da extrema direita<\/span><\/i><\/p>\n<p><span style=\"font-weight: 400;\">Depois de anunciado ter tido a conta do partido restrita no Facebook, o Chega! qualificou a medida como \u201cclaramente ilegal\u201d e \u201cpersegui\u00e7\u00e3o inqualific\u00e1vel\u201d. Na esteira de acusa\u00e7\u00f5es incisivas de Jair Bolsonaro e seus apoiadores, respaldadas por Elon Musk e a ala da extrema direita global, em rejei\u00e7\u00e3o \u00e0s medidas judiciais que visam a retirada de conte\u00fado e suspens\u00e3o de contas por parte de inst\u00e2ncias superiores e do ministro (equivalente a conselheiro em Portugal) Alexandre de Moraes no Brasil, o Partido Chega! optou por caracterizar a aplica\u00e7\u00e3o da pol\u00edtica por parte do Facebook como \u201cum dos maiores ataques \u00e0 liberdade de express\u00e3o\u201d e \u201cinadmiss\u00edvel censura\u201d. Andr\u00e9 Ventura tamb\u00e9m optou por vincular a medida restritiva imposta \u00e0 p\u00e1gina do Chega no Facebook ao caso do Brasil.<\/span><\/p>\n<p style=\"text-align: center;\"><i><span style=\"font-weight: 400;\">Publica\u00e7\u00f5es do Chega! no X em 14 de abril<\/span><\/i><\/p>\n<p><img fetchpriority=\"high\" decoding=\"async\" class=\"alignnone wp-image-2673\" src=\"https:\/\/mediatrust.ubi.pt\/wp-content\/uploads\/2024\/04\/Imagem1-300x134.png\" alt=\"\" width=\"548\" height=\"245\" srcset=\"https:\/\/mediatrust.ubi.pt\/wp-content\/uploads\/2024\/04\/Imagem1-300x134.png 300w, https:\/\/mediatrust.ubi.pt\/wp-content\/uploads\/2024\/04\/Imagem1-768x343.png 768w, https:\/\/mediatrust.ubi.pt\/wp-content\/uploads\/2024\/04\/Imagem1-18x8.png 18w, https:\/\/mediatrust.ubi.pt\/wp-content\/uploads\/2024\/04\/Imagem1-500x223.png 500w, https:\/\/mediatrust.ubi.pt\/wp-content\/uploads\/2024\/04\/Imagem1-800x357.png 800w, https:\/\/mediatrust.ubi.pt\/wp-content\/uploads\/2024\/04\/Imagem1.png 1020w\" sizes=\"(max-width: 548px) 100vw, 548px\" \/><\/p>\n<p style=\"text-align: center;\"><i><span style=\"font-weight: 400;\">Publica\u00e7\u00f5es de Andr\u00e9 Ventura no Instagram em 15 de abril<\/span><\/i><\/p>\n<p><img decoding=\"async\" class=\"alignnone size-medium wp-image-2674\" src=\"https:\/\/mediatrust.ubi.pt\/wp-content\/uploads\/2024\/04\/Imagem2-300x245.png\" alt=\"\" width=\"300\" height=\"245\" srcset=\"https:\/\/mediatrust.ubi.pt\/wp-content\/uploads\/2024\/04\/Imagem2-300x245.png 300w, https:\/\/mediatrust.ubi.pt\/wp-content\/uploads\/2024\/04\/Imagem2-15x12.png 15w, https:\/\/mediatrust.ubi.pt\/wp-content\/uploads\/2024\/04\/Imagem2.png 455w\" sizes=\"(max-width: 300px) 100vw, 300px\" \/><\/p>\n<p><span style=\"font-weight: 400;\">De acordo com o notici\u00e1rio, a san\u00e7\u00e3o foi aplicada depois de a p\u00e1gina do Chega no Facebook publicar um v\u00eddeo que combinava imagens de um crime com interven\u00e7\u00e3o de Andr\u00e9 Ventura realizada no Parlamento em que refor\u00e7a estigma \u00e0 comunidade cigana. \u201c(&#8230;) em muitos casos de viol\u00eancia em Portugal, em muito do terror que tem sido provocado \u00e0s nossas popula\u00e7\u00f5es, <a href=\"https:\/\/www.cm-tv.pt\/atualidade\/detalhe\/20240414-1146-facebook-restringe-atividade-do-chega-durante-10-anos\">os portugueses sabem que um dos grandes problemas que temos \u00e9 com a comunidade cigana<\/a>\u201d<\/span><span style=\"font-weight: 400;\">. A publica\u00e7\u00e3o continua no ar e habilitada para intera\u00e7\u00e3o.\u00a0<\/span><\/p>\n<p><span style=\"font-weight: 400;\">No caso da Meta, discurso de incentivo ao \u00f3dio \u00e9 classificado como conte\u00fado censur\u00e1vel e significa \u201cataque contra pessoas &#8211; em vez de conceitos ou institui\u00e7\u00f5es &#8211; com base no que denominamos caracter\u00edsticas protegidas: ra\u00e7a, identidade, etnia, nacionalidade, defici\u00eancia, afilia\u00e7\u00e3o religiosa, casta, orienta\u00e7\u00e3o sexual, sexo, identidade de g\u00e9nero e doen\u00e7a grave\u201d. Conte\u00fados publicados no Facebook, no Instagram ou no Threads, portanto, n\u00e3o podem possuir \u201cconte\u00fado desumanizante, estere\u00f3tipos prejudiciais, declara\u00e7\u00f5es de inferioridade, express\u00f5es de desprezo, repugn\u00e2ncia ou indiferen\u00e7a, palavr\u00f5es e incentivo \u00e0 exclus\u00e3o ou segrega\u00e7\u00e3o\u201d. O uso de insultos para ataques \u00e9, portanto, objeto de remo\u00e7\u00e3o, enquanto para fins de condena\u00e7\u00e3o, sensibiliza\u00e7\u00e3o, fortalecimento e autorrefer\u00eancia n\u00e3o violam de modo direto as regras. N\u00e3o s\u00e3o facilmente encontradas informa\u00e7\u00f5es sobre o tipo de san\u00e7\u00e3o aplicada por incorrer ou por reincidir em discurso de \u00f3dio.<\/span><\/p>\n<p><em>Por Tatiana Dourado<\/em><\/p>","protected":false},"excerpt":{"rendered":"<p>O Chega! anunciou que as atividades da p\u00e1gina do partido no Facebook teriam sido restringidas por 10 anos, medida que \u00e9 usualmente imposta por viola\u00e7\u00e3o do termo de uso ou de diretrizes de comunidade, que s\u00e3o o conjunto de condi\u00e7\u00f5es para ades\u00e3o ao servi\u00e7o e de regras que estruturam as atividades de modera\u00e7\u00e3o de conte\u00fado. [&hellip;]<\/p>","protected":false},"author":4,"featured_media":0,"comment_status":"closed","ping_status":"open","sticky":false,"template":"","format":"standard","meta":{"footnotes":""},"categories":[22,14],"tags":[],"yoast_head":"<!-- This site is optimized with the Yoast SEO plugin v22.2 - https:\/\/yoast.com\/wordpress\/plugins\/seo\/ -->\n<title>O caso da (quase) restri\u00e7\u00e3o da conta do Chega! no Facebook - MediaTrustLab<\/title>\n<meta name=\"robots\" content=\"index, follow, max-snippet:-1, max-image-preview:large, max-video-preview:-1\" \/>\n<link rel=\"canonical\" href=\"https:\/\/mediatrust.ubi.pt\/en\/o-caso-da-restricao-da-conta-do-chega-no-facebook-e-a-ineficacia-das-politicas-das-plataformas\/\" \/>\n<meta property=\"og:locale\" content=\"en_US\" \/>\n<meta property=\"og:type\" content=\"article\" \/>\n<meta property=\"og:title\" content=\"O caso da (quase) restri\u00e7\u00e3o da conta do Chega! no Facebook - MediaTrustLab\" \/>\n<meta property=\"og:description\" content=\"O Chega! anunciou que as atividades da p\u00e1gina do partido no Facebook teriam sido restringidas por 10 anos, medida que \u00e9 usualmente imposta por viola\u00e7\u00e3o do termo de uso ou de diretrizes de comunidade, que s\u00e3o o conjunto de condi\u00e7\u00f5es para ades\u00e3o ao servi\u00e7o e de regras que estruturam as atividades de modera\u00e7\u00e3o de conte\u00fado. [&hellip;]\" \/>\n<meta property=\"og:url\" content=\"https:\/\/mediatrust.ubi.pt\/en\/o-caso-da-restricao-da-conta-do-chega-no-facebook-e-a-ineficacia-das-politicas-das-plataformas\/\" \/>\n<meta property=\"og:site_name\" content=\"MediaTrustLab\" \/>\n<meta property=\"article:publisher\" content=\"https:\/\/www.facebook.com\/mediatrust.lab\" \/>\n<meta property=\"article:published_time\" content=\"2024-04-17T12:42:22+00:00\" \/>\n<meta property=\"article:modified_time\" content=\"2024-04-18T09:51:34+00:00\" \/>\n<meta property=\"og:image\" content=\"https:\/\/mediatrust.ubi.pt\/wp-content\/uploads\/2024\/04\/Imagem1-300x134.png\" \/>\n<meta name=\"author\" content=\"Lu\u00edsa Torre\" \/>\n<meta name=\"twitter:card\" content=\"summary_large_image\" \/>\n<meta name=\"twitter:label1\" content=\"Written by\" \/>\n\t<meta name=\"twitter:data1\" content=\"Lu\u00edsa Torre\" \/>\n\t<meta name=\"twitter:label2\" content=\"Est. reading time\" \/>\n\t<meta name=\"twitter:data2\" content=\"6 minutes\" \/>\n<script type=\"application\/ld+json\" class=\"yoast-schema-graph\">{\"@context\":\"https:\/\/schema.org\",\"@graph\":[{\"@type\":\"Article\",\"@id\":\"https:\/\/mediatrust.ubi.pt\/o-caso-da-restricao-da-conta-do-chega-no-facebook-e-a-ineficacia-das-politicas-das-plataformas\/#article\",\"isPartOf\":{\"@id\":\"https:\/\/mediatrust.ubi.pt\/o-caso-da-restricao-da-conta-do-chega-no-facebook-e-a-ineficacia-das-politicas-das-plataformas\/\"},\"author\":{\"name\":\"Lu\u00edsa Torre\",\"@id\":\"https:\/\/mediatrust.ubi.pt\/#\/schema\/person\/3b9739dbed61d1b1ef7d86b2592d97b6\"},\"headline\":\"O caso da (quase) restri\u00e7\u00e3o da conta do Chega! no Facebook\",\"datePublished\":\"2024-04-17T12:42:22+00:00\",\"dateModified\":\"2024-04-18T09:51:34+00:00\",\"mainEntityOfPage\":{\"@id\":\"https:\/\/mediatrust.ubi.pt\/o-caso-da-restricao-da-conta-do-chega-no-facebook-e-a-ineficacia-das-politicas-das-plataformas\/\"},\"wordCount\":1049,\"publisher\":{\"@id\":\"https:\/\/mediatrust.ubi.pt\/#organization\"},\"image\":{\"@id\":\"https:\/\/mediatrust.ubi.pt\/o-caso-da-restricao-da-conta-do-chega-no-facebook-e-a-ineficacia-das-politicas-das-plataformas\/#primaryimage\"},\"thumbnailUrl\":\"https:\/\/mediatrust.ubi.pt\/wp-content\/uploads\/2024\/04\/Imagem1-300x134.png\",\"articleSection\":[\"An\u00e1lise\",\"An\u00fancios\"],\"inLanguage\":\"en-US\"},{\"@type\":\"WebPage\",\"@id\":\"https:\/\/mediatrust.ubi.pt\/o-caso-da-restricao-da-conta-do-chega-no-facebook-e-a-ineficacia-das-politicas-das-plataformas\/\",\"url\":\"https:\/\/mediatrust.ubi.pt\/o-caso-da-restricao-da-conta-do-chega-no-facebook-e-a-ineficacia-das-politicas-das-plataformas\/\",\"name\":\"O caso da (quase) restri\u00e7\u00e3o da conta do Chega! no Facebook - MediaTrustLab\",\"isPartOf\":{\"@id\":\"https:\/\/mediatrust.ubi.pt\/#website\"},\"primaryImageOfPage\":{\"@id\":\"https:\/\/mediatrust.ubi.pt\/o-caso-da-restricao-da-conta-do-chega-no-facebook-e-a-ineficacia-das-politicas-das-plataformas\/#primaryimage\"},\"image\":{\"@id\":\"https:\/\/mediatrust.ubi.pt\/o-caso-da-restricao-da-conta-do-chega-no-facebook-e-a-ineficacia-das-politicas-das-plataformas\/#primaryimage\"},\"thumbnailUrl\":\"https:\/\/mediatrust.ubi.pt\/wp-content\/uploads\/2024\/04\/Imagem1-300x134.png\",\"datePublished\":\"2024-04-17T12:42:22+00:00\",\"dateModified\":\"2024-04-18T09:51:34+00:00\",\"breadcrumb\":{\"@id\":\"https:\/\/mediatrust.ubi.pt\/o-caso-da-restricao-da-conta-do-chega-no-facebook-e-a-ineficacia-das-politicas-das-plataformas\/#breadcrumb\"},\"inLanguage\":\"en-US\",\"potentialAction\":[{\"@type\":\"ReadAction\",\"target\":[\"https:\/\/mediatrust.ubi.pt\/o-caso-da-restricao-da-conta-do-chega-no-facebook-e-a-ineficacia-das-politicas-das-plataformas\/\"]}]},{\"@type\":\"ImageObject\",\"inLanguage\":\"en-US\",\"@id\":\"https:\/\/mediatrust.ubi.pt\/o-caso-da-restricao-da-conta-do-chega-no-facebook-e-a-ineficacia-das-politicas-das-plataformas\/#primaryimage\",\"url\":\"https:\/\/mediatrust.ubi.pt\/wp-content\/uploads\/2024\/04\/Imagem1.png\",\"contentUrl\":\"https:\/\/mediatrust.ubi.pt\/wp-content\/uploads\/2024\/04\/Imagem1.png\",\"width\":1020,\"height\":455},{\"@type\":\"BreadcrumbList\",\"@id\":\"https:\/\/mediatrust.ubi.pt\/o-caso-da-restricao-da-conta-do-chega-no-facebook-e-a-ineficacia-das-politicas-das-plataformas\/#breadcrumb\",\"itemListElement\":[{\"@type\":\"ListItem\",\"position\":1,\"name\":\"In\u00edcio\",\"item\":\"https:\/\/mediatrust.ubi.pt\/\"},{\"@type\":\"ListItem\",\"position\":2,\"name\":\"O caso da (quase) restri\u00e7\u00e3o da conta do Chega! no Facebook\"}]},{\"@type\":\"WebSite\",\"@id\":\"https:\/\/mediatrust.ubi.pt\/#website\",\"url\":\"https:\/\/mediatrust.ubi.pt\/\",\"name\":\"MediaTrustLab\",\"description\":\"This project aims to identify and analise strategies and practices of fact-checking by local journalists and the potential collaboration of local media audiences in the process. Through training, promoting digital tools and a mobile app, this action research project also aims to instruct journalists and audiences to fact-check more effectively and efficiently.\",\"publisher\":{\"@id\":\"https:\/\/mediatrust.ubi.pt\/#organization\"},\"potentialAction\":[{\"@type\":\"SearchAction\",\"target\":{\"@type\":\"EntryPoint\",\"urlTemplate\":\"https:\/\/mediatrust.ubi.pt\/?s={search_term_string}\"},\"query-input\":\"required name=search_term_string\"}],\"inLanguage\":\"en-US\"},{\"@type\":\"Organization\",\"@id\":\"https:\/\/mediatrust.ubi.pt\/#organization\",\"name\":\"MediaTrustLab\",\"url\":\"https:\/\/mediatrust.ubi.pt\/\",\"logo\":{\"@type\":\"ImageObject\",\"inLanguage\":\"en-US\",\"@id\":\"https:\/\/mediatrust.ubi.pt\/#\/schema\/logo\/image\/\",\"url\":\"https:\/\/mediatrust.ubi.pt\/wp-content\/uploads\/2022\/02\/cropped-Novo-Projeto-1-1.png\",\"contentUrl\":\"https:\/\/mediatrust.ubi.pt\/wp-content\/uploads\/2022\/02\/cropped-Novo-Projeto-1-1.png\",\"width\":1080,\"height\":810,\"caption\":\"MediaTrustLab\"},\"image\":{\"@id\":\"https:\/\/mediatrust.ubi.pt\/#\/schema\/logo\/image\/\"},\"sameAs\":[\"https:\/\/www.facebook.com\/mediatrust.lab\"]},{\"@type\":\"Person\",\"@id\":\"https:\/\/mediatrust.ubi.pt\/#\/schema\/person\/3b9739dbed61d1b1ef7d86b2592d97b6\",\"name\":\"Lu\u00edsa Torre\",\"image\":{\"@type\":\"ImageObject\",\"inLanguage\":\"en-US\",\"@id\":\"https:\/\/mediatrust.ubi.pt\/#\/schema\/person\/image\/\",\"url\":\"https:\/\/secure.gravatar.com\/avatar\/a0744c3d3e7ed8665951bc02eb6e5326?s=96&d=mm&r=g\",\"contentUrl\":\"https:\/\/secure.gravatar.com\/avatar\/a0744c3d3e7ed8665951bc02eb6e5326?s=96&d=mm&r=g\",\"caption\":\"Lu\u00edsa Torre\"},\"url\":\"https:\/\/mediatrust.ubi.pt\/en\/author\/luisatorre\/\"}]}<\/script>\n<!-- \/ Yoast SEO plugin. -->","yoast_head_json":{"title":"O caso da (quase) restri\u00e7\u00e3o da conta do Chega! no Facebook - MediaTrustLab","robots":{"index":"index","follow":"follow","max-snippet":"max-snippet:-1","max-image-preview":"max-image-preview:large","max-video-preview":"max-video-preview:-1"},"canonical":"https:\/\/mediatrust.ubi.pt\/en\/o-caso-da-restricao-da-conta-do-chega-no-facebook-e-a-ineficacia-das-politicas-das-plataformas\/","og_locale":"en_US","og_type":"article","og_title":"O caso da (quase) restri\u00e7\u00e3o da conta do Chega! no Facebook - MediaTrustLab","og_description":"O Chega! anunciou que as atividades da p\u00e1gina do partido no Facebook teriam sido restringidas por 10 anos, medida que \u00e9 usualmente imposta por viola\u00e7\u00e3o do termo de uso ou de diretrizes de comunidade, que s\u00e3o o conjunto de condi\u00e7\u00f5es para ades\u00e3o ao servi\u00e7o e de regras que estruturam as atividades de modera\u00e7\u00e3o de conte\u00fado. [&hellip;]","og_url":"https:\/\/mediatrust.ubi.pt\/en\/o-caso-da-restricao-da-conta-do-chega-no-facebook-e-a-ineficacia-das-politicas-das-plataformas\/","og_site_name":"MediaTrustLab","article_publisher":"https:\/\/www.facebook.com\/mediatrust.lab","article_published_time":"2024-04-17T12:42:22+00:00","article_modified_time":"2024-04-18T09:51:34+00:00","og_image":[{"url":"https:\/\/mediatrust.ubi.pt\/wp-content\/uploads\/2024\/04\/Imagem1-300x134.png"}],"author":"Lu\u00edsa Torre","twitter_card":"summary_large_image","twitter_misc":{"Written by":"Lu\u00edsa Torre","Est. reading time":"6 minutes"},"schema":{"@context":"https:\/\/schema.org","@graph":[{"@type":"Article","@id":"https:\/\/mediatrust.ubi.pt\/o-caso-da-restricao-da-conta-do-chega-no-facebook-e-a-ineficacia-das-politicas-das-plataformas\/#article","isPartOf":{"@id":"https:\/\/mediatrust.ubi.pt\/o-caso-da-restricao-da-conta-do-chega-no-facebook-e-a-ineficacia-das-politicas-das-plataformas\/"},"author":{"name":"Lu\u00edsa Torre","@id":"https:\/\/mediatrust.ubi.pt\/#\/schema\/person\/3b9739dbed61d1b1ef7d86b2592d97b6"},"headline":"O caso da (quase) restri\u00e7\u00e3o da conta do Chega! no Facebook","datePublished":"2024-04-17T12:42:22+00:00","dateModified":"2024-04-18T09:51:34+00:00","mainEntityOfPage":{"@id":"https:\/\/mediatrust.ubi.pt\/o-caso-da-restricao-da-conta-do-chega-no-facebook-e-a-ineficacia-das-politicas-das-plataformas\/"},"wordCount":1049,"publisher":{"@id":"https:\/\/mediatrust.ubi.pt\/#organization"},"image":{"@id":"https:\/\/mediatrust.ubi.pt\/o-caso-da-restricao-da-conta-do-chega-no-facebook-e-a-ineficacia-das-politicas-das-plataformas\/#primaryimage"},"thumbnailUrl":"https:\/\/mediatrust.ubi.pt\/wp-content\/uploads\/2024\/04\/Imagem1-300x134.png","articleSection":["An\u00e1lise","An\u00fancios"],"inLanguage":"en-US"},{"@type":"WebPage","@id":"https:\/\/mediatrust.ubi.pt\/o-caso-da-restricao-da-conta-do-chega-no-facebook-e-a-ineficacia-das-politicas-das-plataformas\/","url":"https:\/\/mediatrust.ubi.pt\/o-caso-da-restricao-da-conta-do-chega-no-facebook-e-a-ineficacia-das-politicas-das-plataformas\/","name":"O caso da (quase) restri\u00e7\u00e3o da conta do Chega! no Facebook - MediaTrustLab","isPartOf":{"@id":"https:\/\/mediatrust.ubi.pt\/#website"},"primaryImageOfPage":{"@id":"https:\/\/mediatrust.ubi.pt\/o-caso-da-restricao-da-conta-do-chega-no-facebook-e-a-ineficacia-das-politicas-das-plataformas\/#primaryimage"},"image":{"@id":"https:\/\/mediatrust.ubi.pt\/o-caso-da-restricao-da-conta-do-chega-no-facebook-e-a-ineficacia-das-politicas-das-plataformas\/#primaryimage"},"thumbnailUrl":"https:\/\/mediatrust.ubi.pt\/wp-content\/uploads\/2024\/04\/Imagem1-300x134.png","datePublished":"2024-04-17T12:42:22+00:00","dateModified":"2024-04-18T09:51:34+00:00","breadcrumb":{"@id":"https:\/\/mediatrust.ubi.pt\/o-caso-da-restricao-da-conta-do-chega-no-facebook-e-a-ineficacia-das-politicas-das-plataformas\/#breadcrumb"},"inLanguage":"en-US","potentialAction":[{"@type":"ReadAction","target":["https:\/\/mediatrust.ubi.pt\/o-caso-da-restricao-da-conta-do-chega-no-facebook-e-a-ineficacia-das-politicas-das-plataformas\/"]}]},{"@type":"ImageObject","inLanguage":"en-US","@id":"https:\/\/mediatrust.ubi.pt\/o-caso-da-restricao-da-conta-do-chega-no-facebook-e-a-ineficacia-das-politicas-das-plataformas\/#primaryimage","url":"https:\/\/mediatrust.ubi.pt\/wp-content\/uploads\/2024\/04\/Imagem1.png","contentUrl":"https:\/\/mediatrust.ubi.pt\/wp-content\/uploads\/2024\/04\/Imagem1.png","width":1020,"height":455},{"@type":"BreadcrumbList","@id":"https:\/\/mediatrust.ubi.pt\/o-caso-da-restricao-da-conta-do-chega-no-facebook-e-a-ineficacia-das-politicas-das-plataformas\/#breadcrumb","itemListElement":[{"@type":"ListItem","position":1,"name":"In\u00edcio","item":"https:\/\/mediatrust.ubi.pt\/"},{"@type":"ListItem","position":2,"name":"O caso da (quase) restri\u00e7\u00e3o da conta do Chega! no Facebook"}]},{"@type":"WebSite","@id":"https:\/\/mediatrust.ubi.pt\/#website","url":"https:\/\/mediatrust.ubi.pt\/","name":"MediaTrustLab","description":"This project aims to identify and analise strategies and practices of fact-checking by local journalists and the potential collaboration of local media audiences in the process. Through training, promoting digital tools and a mobile app, this action research project also aims to instruct journalists and audiences to fact-check more effectively and efficiently.","publisher":{"@id":"https:\/\/mediatrust.ubi.pt\/#organization"},"potentialAction":[{"@type":"SearchAction","target":{"@type":"EntryPoint","urlTemplate":"https:\/\/mediatrust.ubi.pt\/?s={search_term_string}"},"query-input":"required name=search_term_string"}],"inLanguage":"en-US"},{"@type":"Organization","@id":"https:\/\/mediatrust.ubi.pt\/#organization","name":"MediaTrustLab","url":"https:\/\/mediatrust.ubi.pt\/","logo":{"@type":"ImageObject","inLanguage":"en-US","@id":"https:\/\/mediatrust.ubi.pt\/#\/schema\/logo\/image\/","url":"https:\/\/mediatrust.ubi.pt\/wp-content\/uploads\/2022\/02\/cropped-Novo-Projeto-1-1.png","contentUrl":"https:\/\/mediatrust.ubi.pt\/wp-content\/uploads\/2022\/02\/cropped-Novo-Projeto-1-1.png","width":1080,"height":810,"caption":"MediaTrustLab"},"image":{"@id":"https:\/\/mediatrust.ubi.pt\/#\/schema\/logo\/image\/"},"sameAs":["https:\/\/www.facebook.com\/mediatrust.lab"]},{"@type":"Person","@id":"https:\/\/mediatrust.ubi.pt\/#\/schema\/person\/3b9739dbed61d1b1ef7d86b2592d97b6","name":"Lu\u00edsa Torre","image":{"@type":"ImageObject","inLanguage":"en-US","@id":"https:\/\/mediatrust.ubi.pt\/#\/schema\/person\/image\/","url":"https:\/\/secure.gravatar.com\/avatar\/a0744c3d3e7ed8665951bc02eb6e5326?s=96&d=mm&r=g","contentUrl":"https:\/\/secure.gravatar.com\/avatar\/a0744c3d3e7ed8665951bc02eb6e5326?s=96&d=mm&r=g","caption":"Lu\u00edsa Torre"},"url":"https:\/\/mediatrust.ubi.pt\/en\/author\/luisatorre\/"}]}},"_links":{"self":[{"href":"https:\/\/mediatrust.ubi.pt\/en\/wp-json\/wp\/v2\/posts\/2672"}],"collection":[{"href":"https:\/\/mediatrust.ubi.pt\/en\/wp-json\/wp\/v2\/posts"}],"about":[{"href":"https:\/\/mediatrust.ubi.pt\/en\/wp-json\/wp\/v2\/types\/post"}],"author":[{"embeddable":true,"href":"https:\/\/mediatrust.ubi.pt\/en\/wp-json\/wp\/v2\/users\/4"}],"replies":[{"embeddable":true,"href":"https:\/\/mediatrust.ubi.pt\/en\/wp-json\/wp\/v2\/comments?post=2672"}],"version-history":[{"count":2,"href":"https:\/\/mediatrust.ubi.pt\/en\/wp-json\/wp\/v2\/posts\/2672\/revisions"}],"predecessor-version":[{"id":2680,"href":"https:\/\/mediatrust.ubi.pt\/en\/wp-json\/wp\/v2\/posts\/2672\/revisions\/2680"}],"wp:attachment":[{"href":"https:\/\/mediatrust.ubi.pt\/en\/wp-json\/wp\/v2\/media?parent=2672"}],"wp:term":[{"taxonomy":"category","embeddable":true,"href":"https:\/\/mediatrust.ubi.pt\/en\/wp-json\/wp\/v2\/categories?post=2672"},{"taxonomy":"post_tag","embeddable":true,"href":"https:\/\/mediatrust.ubi.pt\/en\/wp-json\/wp\/v2\/tags?post=2672"}],"curies":[{"name":"wp","href":"https:\/\/api.w.org\/{rel}","templated":true}]}}